{"id":10810,"date":"2024-11-28T23:45:00","date_gmt":"2024-11-28T22:45:00","guid":{"rendered":"https:\/\/www.black-friday.ch\/?p=10810"},"modified":"2025-03-10T10:08:18","modified_gmt":"2025-03-10T09:08:18","slug":"30-sur-tout","status":"publish","type":"post","link":"https:\/\/www.black-friday.ch\/fr\/30-sur-tout\/","title":{"rendered":"-30% sur tout!"},"content":{"rendered":"<p>Seulement ce week-end : -30% DE R\u00c9DUCTION SUR TOUT! Qu&#8217;il s&#8217;agisse d&#8217;un canap\u00e9, d&#8217;une table ou d&#8217;un lit &#8211; profitez-en maintenant et \u00e9conomisez massivement!<\/p>\n<p> <img decoding=\"async\" src=\"https:\/\/www.black-friday.ch\/wp-content\/uploads\/2024\/11\/987b9e6e-ed5c-4225-8fde-ae6ba55c5958__1680x946_FR.png\"><\/p>\n","protected":false},"excerpt":{"rendered":"<p>Seulement ce week-end : -30% DE R\u00c9DUCTION SUR TOUT! Qu&#8217;il s&#8217;agisse d&#8217;un canap\u00e9, d&#8217;une table ou d&#8217;un lit &#8211; profitez-en maintenant et \u00e9conomisez massivement!<\/p>\n","protected":false},"author":9,"featured_media":10806,"comment_status":"open","ping_status":"open","sticky":false,"template":"","format":"standard","meta":{"_gspb_post_css":"","_mi_skip_tracking":false},"categories":[986],"tags":[1009,1013],"dealstore":[618],"offerexpiration":[896],"yoast_head":"<!-- This site is optimized with the Yoast SEO plugin v20.6 - https:\/\/yoast.com\/wordpress\/plugins\/seo\/ -->\n<title>-30% sur tout! - Black-Friday.ch<\/title>\n<meta name=\"description\" content=\"Seulement ce week-end : -30% DE R\u00c9DUCTION SUR TOUT! Qu&#039;il s&#039;agisse d&#039;un canap\u00e9, d&#039;une table ou d&#039;un lit - profitez-en maintenant et \u00e9conomisez massivement!\" \/>\n<meta name=\"robots\" content=\"noindex, nofollow\" \/>\n<meta property=\"og:locale\" content=\"fr_FR\" \/>\n<meta property=\"og:type\" content=\"article\" \/>\n<meta property=\"og:title\" content=\"-30% sur tout! - Black-Friday.ch\" \/>\n<meta property=\"og:description\" content=\"Seulement ce week-end : -30% DE R\u00c9DUCTION SUR TOUT! Qu&#039;il s&#039;agisse d&#039;un canap\u00e9, d&#039;une table ou d&#039;un lit - profitez-en maintenant et \u00e9conomisez massivement!\" \/>\n<meta property=\"og:url\" content=\"https:\/\/www.black-friday.ch\/fr\/30-sur-tout\/\" \/>\n<meta property=\"og:site_name\" content=\"Black-Friday.ch\" \/>\n<meta property=\"article:published_time\" content=\"2024-11-28T22:45:00+00:00\" \/>\n<meta property=\"article:modified_time\" content=\"2025-03-10T09:08:18+00:00\" \/>\n<meta property=\"og:image\" content=\"https:\/\/www.black-friday.ch\/wp-content\/uploads\/2024\/11\/56f0f67f-a2a9-4fc4-a02b-382127dd40e9__lipo_logo.png\" \/>\n\t<meta property=\"og:image:width\" content=\"600\" \/>\n\t<meta property=\"og:image:height\" content=\"300\" \/>\n\t<meta property=\"og:image:type\" content=\"image\/png\" \/>\n<meta name=\"author\" content=\"frank\" \/>\n<meta name=\"twitter:card\" content=\"summary_large_image\" \/>\n<meta name=\"twitter:label1\" content=\"Written by\" \/>\n\t<meta name=\"twitter:data1\" content=\"frank\" \/>\n<script type=\"application\/ld+json\" class=\"yoast-schema-graph\">{\"@context\":\"https:\/\/schema.org\",\"@graph\":[{\"@type\":\"Article\",\"@id\":\"https:\/\/www.black-friday.ch\/fr\/30-sur-tout\/#article\",\"isPartOf\":{\"@id\":\"https:\/\/www.black-friday.ch\/fr\/30-sur-tout\/\"},\"author\":{\"name\":\"frank\",\"@id\":\"https:\/\/www.black-friday.ch\/fr\/#\/schema\/person\/d192d7883deef01646c5b265a9cff240\"},\"headline\":\"-30% sur tout!\",\"datePublished\":\"2024-11-28T22:45:00+00:00\",\"dateModified\":\"2025-03-10T09:08:18+00:00\",\"mainEntityOfPage\":{\"@id\":\"https:\/\/www.black-friday.ch\/fr\/30-sur-tout\/\"},\"wordCount\":26,\"commentCount\":0,\"publisher\":{\"@id\":\"https:\/\/www.black-friday.ch\/fr\/#organization\"},\"keywords\":[\"platin-fr\",\"slider-fr\"],\"articleSection\":[\"Home &amp; Living\"],\"inLanguage\":\"fr-CH\",\"potentialAction\":[{\"@type\":\"CommentAction\",\"name\":\"Comment\",\"target\":[\"https:\/\/www.black-friday.ch\/fr\/30-sur-tout\/#respond\"]}]},{\"@type\":\"WebPage\",\"@id\":\"https:\/\/www.black-friday.ch\/fr\/30-sur-tout\/\",\"url\":\"https:\/\/www.black-friday.ch\/fr\/30-sur-tout\/\",\"name\":\"-30% sur tout! - Black-Friday.ch\",\"isPartOf\":{\"@id\":\"https:\/\/www.black-friday.ch\/fr\/#website\"},\"datePublished\":\"2024-11-28T22:45:00+00:00\",\"dateModified\":\"2025-03-10T09:08:18+00:00\",\"description\":\"Seulement ce week-end : -30% DE R\u00c9DUCTION SUR TOUT! Qu'il s'agisse d'un canap\u00e9, d'une table ou d'un lit - profitez-en maintenant et \u00e9conomisez massivement!\",\"breadcrumb\":{\"@id\":\"https:\/\/www.black-friday.ch\/fr\/30-sur-tout\/#breadcrumb\"},\"inLanguage\":\"fr-CH\",\"potentialAction\":[{\"@type\":\"ReadAction\",\"target\":[\"https:\/\/www.black-friday.ch\/fr\/30-sur-tout\/\"]}]},{\"@type\":\"BreadcrumbList\",\"@id\":\"https:\/\/www.black-friday.ch\/fr\/30-sur-tout\/#breadcrumb\",\"itemListElement\":[{\"@type\":\"ListItem\",\"position\":1,\"name\":\"Startseite\",\"item\":\"https:\/\/www.black-friday.ch\/fr\/\"},{\"@type\":\"ListItem\",\"position\":2,\"name\":\"-30% sur tout!\"}]},{\"@type\":\"WebSite\",\"@id\":\"https:\/\/www.black-friday.ch\/fr\/#website\",\"url\":\"https:\/\/www.black-friday.ch\/fr\/\",\"name\":\"Black-Friday.ch\",\"description\":\"Die besten Deals des Jahres\",\"publisher\":{\"@id\":\"https:\/\/www.black-friday.ch\/fr\/#organization\"},\"potentialAction\":[{\"@type\":\"SearchAction\",\"target\":{\"@type\":\"EntryPoint\",\"urlTemplate\":\"https:\/\/www.black-friday.ch\/fr\/?s={search_term_string}\"},\"query-input\":\"required name=search_term_string\"}],\"inLanguage\":\"fr-CH\"},{\"@type\":\"Organization\",\"@id\":\"https:\/\/www.black-friday.ch\/fr\/#organization\",\"name\":\"Black-Friday.ch\",\"alternateName\":\"Black Friday Angebote\",\"url\":\"https:\/\/www.black-friday.ch\/fr\/\",\"logo\":{\"@type\":\"ImageObject\",\"inLanguage\":\"fr-CH\",\"@id\":\"https:\/\/www.black-friday.ch\/fr\/#\/schema\/logo\/image\/\",\"url\":\"https:\/\/www.black-friday.ch\/wp-content\/uploads\/2024\/12\/ausgeschnittenes-Logo.png\",\"contentUrl\":\"https:\/\/www.black-friday.ch\/wp-content\/uploads\/2024\/12\/ausgeschnittenes-Logo.png\",\"width\":600,\"height\":150,\"caption\":\"Black-Friday.ch\"},\"image\":{\"@id\":\"https:\/\/www.black-friday.ch\/fr\/#\/schema\/logo\/image\/\"}},{\"@type\":\"Person\",\"@id\":\"https:\/\/www.black-friday.ch\/fr\/#\/schema\/person\/d192d7883deef01646c5b265a9cff240\",\"name\":\"frank\",\"image\":{\"@type\":\"ImageObject\",\"inLanguage\":\"fr-CH\",\"@id\":\"https:\/\/www.black-friday.ch\/fr\/#\/schema\/person\/image\/\",\"url\":\"https:\/\/secure.gravatar.com\/avatar\/f554621003806b1ce1b9a9a6ea54c40b?s=96&d=mm&r=g\",\"contentUrl\":\"https:\/\/secure.gravatar.com\/avatar\/f554621003806b1ce1b9a9a6ea54c40b?s=96&d=mm&r=g\",\"caption\":\"frank\"}}]}<\/script>\n<!-- \/ Yoast SEO plugin. -->","yoast_head_json":{"title":"-30% sur tout! - Black-Friday.ch","description":"Seulement ce week-end : -30% DE R\u00c9DUCTION SUR TOUT! Qu'il s'agisse d'un canap\u00e9, d'une table ou d'un lit - profitez-en maintenant et \u00e9conomisez massivement!","robots":{"index":"noindex","follow":"nofollow"},"og_locale":"fr_FR","og_type":"article","og_title":"-30% sur tout! - Black-Friday.ch","og_description":"Seulement ce week-end : -30% DE R\u00c9DUCTION SUR TOUT! Qu'il s'agisse d'un canap\u00e9, d'une table ou d'un lit - profitez-en maintenant et \u00e9conomisez massivement!","og_url":"https:\/\/www.black-friday.ch\/fr\/30-sur-tout\/","og_site_name":"Black-Friday.ch","article_published_time":"2024-11-28T22:45:00+00:00","article_modified_time":"2025-03-10T09:08:18+00:00","og_image":[{"width":600,"height":300,"url":"https:\/\/www.black-friday.ch\/wp-content\/uploads\/2024\/11\/56f0f67f-a2a9-4fc4-a02b-382127dd40e9__lipo_logo.png","type":"image\/png"}],"author":"frank","twitter_card":"summary_large_image","twitter_misc":{"Written by":"frank"},"schema":{"@context":"https:\/\/schema.org","@graph":[{"@type":"Article","@id":"https:\/\/www.black-friday.ch\/fr\/30-sur-tout\/#article","isPartOf":{"@id":"https:\/\/www.black-friday.ch\/fr\/30-sur-tout\/"},"author":{"name":"frank","@id":"https:\/\/www.black-friday.ch\/fr\/#\/schema\/person\/d192d7883deef01646c5b265a9cff240"},"headline":"-30% sur tout!","datePublished":"2024-11-28T22:45:00+00:00","dateModified":"2025-03-10T09:08:18+00:00","mainEntityOfPage":{"@id":"https:\/\/www.black-friday.ch\/fr\/30-sur-tout\/"},"wordCount":26,"commentCount":0,"publisher":{"@id":"https:\/\/www.black-friday.ch\/fr\/#organization"},"keywords":["platin-fr","slider-fr"],"articleSection":["Home &amp; Living"],"inLanguage":"fr-CH","potentialAction":[{"@type":"CommentAction","name":"Comment","target":["https:\/\/www.black-friday.ch\/fr\/30-sur-tout\/#respond"]}]},{"@type":"WebPage","@id":"https:\/\/www.black-friday.ch\/fr\/30-sur-tout\/","url":"https:\/\/www.black-friday.ch\/fr\/30-sur-tout\/","name":"-30% sur tout! - Black-Friday.ch","isPartOf":{"@id":"https:\/\/www.black-friday.ch\/fr\/#website"},"datePublished":"2024-11-28T22:45:00+00:00","dateModified":"2025-03-10T09:08:18+00:00","description":"Seulement ce week-end : -30% DE R\u00c9DUCTION SUR TOUT! Qu'il s'agisse d'un canap\u00e9, d'une table ou d'un lit - profitez-en maintenant et \u00e9conomisez massivement!","breadcrumb":{"@id":"https:\/\/www.black-friday.ch\/fr\/30-sur-tout\/#breadcrumb"},"inLanguage":"fr-CH","potentialAction":[{"@type":"ReadAction","target":["https:\/\/www.black-friday.ch\/fr\/30-sur-tout\/"]}]},{"@type":"BreadcrumbList","@id":"https:\/\/www.black-friday.ch\/fr\/30-sur-tout\/#breadcrumb","itemListElement":[{"@type":"ListItem","position":1,"name":"Startseite","item":"https:\/\/www.black-friday.ch\/fr\/"},{"@type":"ListItem","position":2,"name":"-30% sur tout!"}]},{"@type":"WebSite","@id":"https:\/\/www.black-friday.ch\/fr\/#website","url":"https:\/\/www.black-friday.ch\/fr\/","name":"Black-Friday.ch","description":"Die besten Deals des Jahres","publisher":{"@id":"https:\/\/www.black-friday.ch\/fr\/#organization"},"potentialAction":[{"@type":"SearchAction","target":{"@type":"EntryPoint","urlTemplate":"https:\/\/www.black-friday.ch\/fr\/?s={search_term_string}"},"query-input":"required name=search_term_string"}],"inLanguage":"fr-CH"},{"@type":"Organization","@id":"https:\/\/www.black-friday.ch\/fr\/#organization","name":"Black-Friday.ch","alternateName":"Black Friday Angebote","url":"https:\/\/www.black-friday.ch\/fr\/","logo":{"@type":"ImageObject","inLanguage":"fr-CH","@id":"https:\/\/www.black-friday.ch\/fr\/#\/schema\/logo\/image\/","url":"https:\/\/www.black-friday.ch\/wp-content\/uploads\/2024\/12\/ausgeschnittenes-Logo.png","contentUrl":"https:\/\/www.black-friday.ch\/wp-content\/uploads\/2024\/12\/ausgeschnittenes-Logo.png","width":600,"height":150,"caption":"Black-Friday.ch"},"image":{"@id":"https:\/\/www.black-friday.ch\/fr\/#\/schema\/logo\/image\/"}},{"@type":"Person","@id":"https:\/\/www.black-friday.ch\/fr\/#\/schema\/person\/d192d7883deef01646c5b265a9cff240","name":"frank","image":{"@type":"ImageObject","inLanguage":"fr-CH","@id":"https:\/\/www.black-friday.ch\/fr\/#\/schema\/person\/image\/","url":"https:\/\/secure.gravatar.com\/avatar\/f554621003806b1ce1b9a9a6ea54c40b?s=96&d=mm&r=g","contentUrl":"https:\/\/secure.gravatar.com\/avatar\/f554621003806b1ce1b9a9a6ea54c40b?s=96&d=mm&r=g","caption":"frank"}}]}},"amp_enabled":true,"_links":{"self":[{"href":"https:\/\/www.black-friday.ch\/fr\/wp-json\/wp\/v2\/posts\/10810"}],"collection":[{"href":"https:\/\/www.black-friday.ch\/fr\/wp-json\/wp\/v2\/posts"}],"about":[{"href":"https:\/\/www.black-friday.ch\/fr\/wp-json\/wp\/v2\/types\/post"}],"author":[{"embeddable":true,"href":"https:\/\/www.black-friday.ch\/fr\/wp-json\/wp\/v2\/users\/9"}],"replies":[{"embeddable":true,"href":"https:\/\/www.black-friday.ch\/fr\/wp-json\/wp\/v2\/comments?post=10810"}],"version-history":[{"count":1,"href":"https:\/\/www.black-friday.ch\/fr\/wp-json\/wp\/v2\/posts\/10810\/revisions"}],"predecessor-version":[{"id":10959,"href":"https:\/\/www.black-friday.ch\/fr\/wp-json\/wp\/v2\/posts\/10810\/revisions\/10959"}],"wp:featuredmedia":[{"embeddable":true,"href":"https:\/\/www.black-friday.ch\/fr\/wp-json\/wp\/v2\/media\/10806"}],"wp:attachment":[{"href":"https:\/\/www.black-friday.ch\/fr\/wp-json\/wp\/v2\/media?parent=10810"}],"wp:term":[{"taxonomy":"category","embeddable":true,"href":"https:\/\/www.black-friday.ch\/fr\/wp-json\/wp\/v2\/categories?post=10810"},{"taxonomy":"post_tag","embeddable":true,"href":"https:\/\/www.black-friday.ch\/fr\/wp-json\/wp\/v2\/tags?post=10810"},{"taxonomy":"dealstore","embeddable":true,"href":"https:\/\/www.black-friday.ch\/fr\/wp-json\/wp\/v2\/dealstore?post=10810"},{"taxonomy":"offerexpiration","embeddable":true,"href":"https:\/\/www.black-friday.ch\/fr\/wp-json\/wp\/v2\/offerexpiration?post=10810"}],"curies":[{"name":"wp","href":"https:\/\/api.w.org\/{rel}","templated":true}]}}