{"id":16171,"date":"2024-11-24T23:45:00","date_gmt":"2024-11-24T22:45:00","guid":{"rendered":"https:\/\/www.black-friday.ch\/?p=16171"},"modified":"2024-11-24T17:03:49","modified_gmt":"2024-11-24T16:03:49","slug":"60-sur-des-articles-reebok","status":"publish","type":"post","link":"https:\/\/www.black-friday.ch\/fr\/60-sur-des-articles-reebok\/","title":{"rendered":"60 % sur des articles Reebok"},"content":{"rendered":"<p>Chez Reebok, il y a 60 % de r\u00e9duction sur une s\u00e9lection de chaussures et de v\u00eatements ! Ne manquez pas ces offres exceptionnelles !<\/p>\n<p><img decoding=\"async\" src=\"\"><\/p>\n","protected":false},"excerpt":{"rendered":"<p>Chez Reebok, il y a 60 % de r\u00e9duction sur une s\u00e9lection de chaussures et de v\u00eatements ! Ne manquez pas ces offres exceptionnelles !<\/p>\n","protected":false},"author":27,"featured_media":16168,"comment_status":"open","ping_status":"open","sticky":false,"template":"","format":"standard","meta":{"_gspb_post_css":"","_mi_skip_tracking":false},"categories":[984],"tags":[1023],"dealstore":[1063],"offerexpiration":[896],"yoast_head":"<!-- This site is optimized with the Yoast SEO plugin v20.6 - https:\/\/yoast.com\/wordpress\/plugins\/seo\/ -->\n<title>60 % sur des articles Reebok - Black-Friday.ch<\/title>\n<meta name=\"description\" content=\"Chez Reebok, il y a 60 % de r\u00e9duction sur une s\u00e9lection de chaussures et de v\u00eatements ! Ne manquez pas ces offres exceptionnelles !\" \/>\n<meta name=\"robots\" content=\"noindex, nofollow\" \/>\n<meta property=\"og:locale\" content=\"fr_FR\" \/>\n<meta property=\"og:type\" content=\"article\" \/>\n<meta property=\"og:title\" content=\"60 % sur des articles Reebok - Black-Friday.ch\" \/>\n<meta property=\"og:description\" content=\"Chez Reebok, il y a 60 % de r\u00e9duction sur une s\u00e9lection de chaussures et de v\u00eatements ! Ne manquez pas ces offres exceptionnelles !\" \/>\n<meta property=\"og:url\" content=\"https:\/\/www.black-friday.ch\/fr\/60-sur-des-articles-reebok\/\" \/>\n<meta property=\"og:site_name\" content=\"Black-Friday.ch\" \/>\n<meta property=\"article:published_time\" content=\"2024-11-24T22:45:00+00:00\" \/>\n<meta property=\"article:modified_time\" content=\"2024-11-24T16:03:49+00:00\" \/>\n<meta property=\"og:image\" content=\"https:\/\/www.black-friday.ch\/wp-content\/uploads\/2024\/11\/7811ef13-0a47-43cc-b3d6-cd586d9c09be__reebok_logo.jpg\" \/>\n\t<meta property=\"og:image:width\" content=\"600\" \/>\n\t<meta property=\"og:image:height\" content=\"300\" \/>\n\t<meta property=\"og:image:type\" content=\"image\/jpeg\" \/>\n<meta name=\"author\" content=\"jana\" \/>\n<meta name=\"twitter:card\" content=\"summary_large_image\" \/>\n<meta name=\"twitter:label1\" content=\"Written by\" \/>\n\t<meta name=\"twitter:data1\" content=\"jana\" \/>\n\t<meta name=\"twitter:label2\" content=\"Est. reading time\" \/>\n\t<meta name=\"twitter:data2\" content=\"1 minute\" \/>\n<script type=\"application\/ld+json\" class=\"yoast-schema-graph\">{\"@context\":\"https:\/\/schema.org\",\"@graph\":[{\"@type\":\"Article\",\"@id\":\"https:\/\/www.black-friday.ch\/fr\/60-sur-des-articles-reebok\/#article\",\"isPartOf\":{\"@id\":\"https:\/\/www.black-friday.ch\/fr\/60-sur-des-articles-reebok\/\"},\"author\":{\"name\":\"jana\",\"@id\":\"https:\/\/www.black-friday.ch\/fr\/#\/schema\/person\/1a6a34ec15e9876bdcf1f9926b072164\"},\"headline\":\"60 % sur des articles Reebok\",\"datePublished\":\"2024-11-24T22:45:00+00:00\",\"dateModified\":\"2024-11-24T16:03:49+00:00\",\"mainEntityOfPage\":{\"@id\":\"https:\/\/www.black-friday.ch\/fr\/60-sur-des-articles-reebok\/\"},\"wordCount\":28,\"commentCount\":0,\"publisher\":{\"@id\":\"https:\/\/www.black-friday.ch\/fr\/#organization\"},\"keywords\":[\"nonpartner-fr\"],\"articleSection\":[\"Mode &amp; Bijoux\"],\"inLanguage\":\"fr-CH\",\"potentialAction\":[{\"@type\":\"CommentAction\",\"name\":\"Comment\",\"target\":[\"https:\/\/www.black-friday.ch\/fr\/60-sur-des-articles-reebok\/#respond\"]}]},{\"@type\":\"WebPage\",\"@id\":\"https:\/\/www.black-friday.ch\/fr\/60-sur-des-articles-reebok\/\",\"url\":\"https:\/\/www.black-friday.ch\/fr\/60-sur-des-articles-reebok\/\",\"name\":\"60 % sur des articles Reebok - Black-Friday.ch\",\"isPartOf\":{\"@id\":\"https:\/\/www.black-friday.ch\/fr\/#website\"},\"datePublished\":\"2024-11-24T22:45:00+00:00\",\"dateModified\":\"2024-11-24T16:03:49+00:00\",\"description\":\"Chez Reebok, il y a 60 % de r\u00e9duction sur une s\u00e9lection de chaussures et de v\u00eatements ! Ne manquez pas ces offres exceptionnelles !\",\"breadcrumb\":{\"@id\":\"https:\/\/www.black-friday.ch\/fr\/60-sur-des-articles-reebok\/#breadcrumb\"},\"inLanguage\":\"fr-CH\",\"potentialAction\":[{\"@type\":\"ReadAction\",\"target\":[\"https:\/\/www.black-friday.ch\/fr\/60-sur-des-articles-reebok\/\"]}]},{\"@type\":\"BreadcrumbList\",\"@id\":\"https:\/\/www.black-friday.ch\/fr\/60-sur-des-articles-reebok\/#breadcrumb\",\"itemListElement\":[{\"@type\":\"ListItem\",\"position\":1,\"name\":\"Startseite\",\"item\":\"https:\/\/www.black-friday.ch\/fr\/\"},{\"@type\":\"ListItem\",\"position\":2,\"name\":\"60 % sur des articles Reebok\"}]},{\"@type\":\"WebSite\",\"@id\":\"https:\/\/www.black-friday.ch\/fr\/#website\",\"url\":\"https:\/\/www.black-friday.ch\/fr\/\",\"name\":\"Black-Friday.ch\",\"description\":\"Die besten Deals des Jahres\",\"publisher\":{\"@id\":\"https:\/\/www.black-friday.ch\/fr\/#organization\"},\"potentialAction\":[{\"@type\":\"SearchAction\",\"target\":{\"@type\":\"EntryPoint\",\"urlTemplate\":\"https:\/\/www.black-friday.ch\/fr\/?s={search_term_string}\"},\"query-input\":\"required name=search_term_string\"}],\"inLanguage\":\"fr-CH\"},{\"@type\":\"Organization\",\"@id\":\"https:\/\/www.black-friday.ch\/fr\/#organization\",\"name\":\"Black-Friday.ch\",\"alternateName\":\"Black Friday Angebote\",\"url\":\"https:\/\/www.black-friday.ch\/fr\/\",\"logo\":{\"@type\":\"ImageObject\",\"inLanguage\":\"fr-CH\",\"@id\":\"https:\/\/www.black-friday.ch\/fr\/#\/schema\/logo\/image\/\",\"url\":\"https:\/\/www.black-friday.ch\/wp-content\/uploads\/2024\/12\/ausgeschnittenes-Logo.png\",\"contentUrl\":\"https:\/\/www.black-friday.ch\/wp-content\/uploads\/2024\/12\/ausgeschnittenes-Logo.png\",\"width\":600,\"height\":150,\"caption\":\"Black-Friday.ch\"},\"image\":{\"@id\":\"https:\/\/www.black-friday.ch\/fr\/#\/schema\/logo\/image\/\"}},{\"@type\":\"Person\",\"@id\":\"https:\/\/www.black-friday.ch\/fr\/#\/schema\/person\/1a6a34ec15e9876bdcf1f9926b072164\",\"name\":\"jana\",\"image\":{\"@type\":\"ImageObject\",\"inLanguage\":\"fr-CH\",\"@id\":\"https:\/\/www.black-friday.ch\/fr\/#\/schema\/person\/image\/\",\"url\":\"https:\/\/secure.gravatar.com\/avatar\/a033ece9ddf702f7015c7a1ea0b863a0?s=96&d=mm&r=g\",\"contentUrl\":\"https:\/\/secure.gravatar.com\/avatar\/a033ece9ddf702f7015c7a1ea0b863a0?s=96&d=mm&r=g\",\"caption\":\"jana\"}}]}<\/script>\n<!-- \/ Yoast SEO plugin. -->","yoast_head_json":{"title":"60 % sur des articles Reebok - Black-Friday.ch","description":"Chez Reebok, il y a 60 % de r\u00e9duction sur une s\u00e9lection de chaussures et de v\u00eatements ! Ne manquez pas ces offres exceptionnelles !","robots":{"index":"noindex","follow":"nofollow"},"og_locale":"fr_FR","og_type":"article","og_title":"60 % sur des articles Reebok - Black-Friday.ch","og_description":"Chez Reebok, il y a 60 % de r\u00e9duction sur une s\u00e9lection de chaussures et de v\u00eatements ! Ne manquez pas ces offres exceptionnelles !","og_url":"https:\/\/www.black-friday.ch\/fr\/60-sur-des-articles-reebok\/","og_site_name":"Black-Friday.ch","article_published_time":"2024-11-24T22:45:00+00:00","article_modified_time":"2024-11-24T16:03:49+00:00","og_image":[{"width":600,"height":300,"url":"https:\/\/www.black-friday.ch\/wp-content\/uploads\/2024\/11\/7811ef13-0a47-43cc-b3d6-cd586d9c09be__reebok_logo.jpg","type":"image\/jpeg"}],"author":"jana","twitter_card":"summary_large_image","twitter_misc":{"Written by":"jana","Est. reading time":"1 minute"},"schema":{"@context":"https:\/\/schema.org","@graph":[{"@type":"Article","@id":"https:\/\/www.black-friday.ch\/fr\/60-sur-des-articles-reebok\/#article","isPartOf":{"@id":"https:\/\/www.black-friday.ch\/fr\/60-sur-des-articles-reebok\/"},"author":{"name":"jana","@id":"https:\/\/www.black-friday.ch\/fr\/#\/schema\/person\/1a6a34ec15e9876bdcf1f9926b072164"},"headline":"60 % sur des articles Reebok","datePublished":"2024-11-24T22:45:00+00:00","dateModified":"2024-11-24T16:03:49+00:00","mainEntityOfPage":{"@id":"https:\/\/www.black-friday.ch\/fr\/60-sur-des-articles-reebok\/"},"wordCount":28,"commentCount":0,"publisher":{"@id":"https:\/\/www.black-friday.ch\/fr\/#organization"},"keywords":["nonpartner-fr"],"articleSection":["Mode &amp; Bijoux"],"inLanguage":"fr-CH","potentialAction":[{"@type":"CommentAction","name":"Comment","target":["https:\/\/www.black-friday.ch\/fr\/60-sur-des-articles-reebok\/#respond"]}]},{"@type":"WebPage","@id":"https:\/\/www.black-friday.ch\/fr\/60-sur-des-articles-reebok\/","url":"https:\/\/www.black-friday.ch\/fr\/60-sur-des-articles-reebok\/","name":"60 % sur des articles Reebok - Black-Friday.ch","isPartOf":{"@id":"https:\/\/www.black-friday.ch\/fr\/#website"},"datePublished":"2024-11-24T22:45:00+00:00","dateModified":"2024-11-24T16:03:49+00:00","description":"Chez Reebok, il y a 60 % de r\u00e9duction sur une s\u00e9lection de chaussures et de v\u00eatements ! Ne manquez pas ces offres exceptionnelles !","breadcrumb":{"@id":"https:\/\/www.black-friday.ch\/fr\/60-sur-des-articles-reebok\/#breadcrumb"},"inLanguage":"fr-CH","potentialAction":[{"@type":"ReadAction","target":["https:\/\/www.black-friday.ch\/fr\/60-sur-des-articles-reebok\/"]}]},{"@type":"BreadcrumbList","@id":"https:\/\/www.black-friday.ch\/fr\/60-sur-des-articles-reebok\/#breadcrumb","itemListElement":[{"@type":"ListItem","position":1,"name":"Startseite","item":"https:\/\/www.black-friday.ch\/fr\/"},{"@type":"ListItem","position":2,"name":"60 % sur des articles Reebok"}]},{"@type":"WebSite","@id":"https:\/\/www.black-friday.ch\/fr\/#website","url":"https:\/\/www.black-friday.ch\/fr\/","name":"Black-Friday.ch","description":"Die besten Deals des Jahres","publisher":{"@id":"https:\/\/www.black-friday.ch\/fr\/#organization"},"potentialAction":[{"@type":"SearchAction","target":{"@type":"EntryPoint","urlTemplate":"https:\/\/www.black-friday.ch\/fr\/?s={search_term_string}"},"query-input":"required name=search_term_string"}],"inLanguage":"fr-CH"},{"@type":"Organization","@id":"https:\/\/www.black-friday.ch\/fr\/#organization","name":"Black-Friday.ch","alternateName":"Black Friday Angebote","url":"https:\/\/www.black-friday.ch\/fr\/","logo":{"@type":"ImageObject","inLanguage":"fr-CH","@id":"https:\/\/www.black-friday.ch\/fr\/#\/schema\/logo\/image\/","url":"https:\/\/www.black-friday.ch\/wp-content\/uploads\/2024\/12\/ausgeschnittenes-Logo.png","contentUrl":"https:\/\/www.black-friday.ch\/wp-content\/uploads\/2024\/12\/ausgeschnittenes-Logo.png","width":600,"height":150,"caption":"Black-Friday.ch"},"image":{"@id":"https:\/\/www.black-friday.ch\/fr\/#\/schema\/logo\/image\/"}},{"@type":"Person","@id":"https:\/\/www.black-friday.ch\/fr\/#\/schema\/person\/1a6a34ec15e9876bdcf1f9926b072164","name":"jana","image":{"@type":"ImageObject","inLanguage":"fr-CH","@id":"https:\/\/www.black-friday.ch\/fr\/#\/schema\/person\/image\/","url":"https:\/\/secure.gravatar.com\/avatar\/a033ece9ddf702f7015c7a1ea0b863a0?s=96&d=mm&r=g","contentUrl":"https:\/\/secure.gravatar.com\/avatar\/a033ece9ddf702f7015c7a1ea0b863a0?s=96&d=mm&r=g","caption":"jana"}}]}},"amp_enabled":true,"_links":{"self":[{"href":"https:\/\/www.black-friday.ch\/fr\/wp-json\/wp\/v2\/posts\/16171"}],"collection":[{"href":"https:\/\/www.black-friday.ch\/fr\/wp-json\/wp\/v2\/posts"}],"about":[{"href":"https:\/\/www.black-friday.ch\/fr\/wp-json\/wp\/v2\/types\/post"}],"author":[{"embeddable":true,"href":"https:\/\/www.black-friday.ch\/fr\/wp-json\/wp\/v2\/users\/27"}],"replies":[{"embeddable":true,"href":"https:\/\/www.black-friday.ch\/fr\/wp-json\/wp\/v2\/comments?post=16171"}],"version-history":[{"count":1,"href":"https:\/\/www.black-friday.ch\/fr\/wp-json\/wp\/v2\/posts\/16171\/revisions"}],"predecessor-version":[{"id":16172,"href":"https:\/\/www.black-friday.ch\/fr\/wp-json\/wp\/v2\/posts\/16171\/revisions\/16172"}],"wp:featuredmedia":[{"embeddable":true,"href":"https:\/\/www.black-friday.ch\/fr\/wp-json\/wp\/v2\/media\/16168"}],"wp:attachment":[{"href":"https:\/\/www.black-friday.ch\/fr\/wp-json\/wp\/v2\/media?parent=16171"}],"wp:term":[{"taxonomy":"category","embeddable":true,"href":"https:\/\/www.black-friday.ch\/fr\/wp-json\/wp\/v2\/categories?post=16171"},{"taxonomy":"post_tag","embeddable":true,"href":"https:\/\/www.black-friday.ch\/fr\/wp-json\/wp\/v2\/tags?post=16171"},{"taxonomy":"dealstore","embeddable":true,"href":"https:\/\/www.black-friday.ch\/fr\/wp-json\/wp\/v2\/dealstore?post=16171"},{"taxonomy":"offerexpiration","embeddable":true,"href":"https:\/\/www.black-friday.ch\/fr\/wp-json\/wp\/v2\/offerexpiration?post=16171"}],"curies":[{"name":"wp","href":"https:\/\/api.w.org\/{rel}","templated":true}]}}